{"id":1772,"date":"2025-09-11T09:41:54","date_gmt":"2025-09-11T06:41:54","guid":{"rendered":"https:\/\/ambvilnius.esteri.it\/?p=1772"},"modified":"2025-09-11T09:49:28","modified_gmt":"2025-09-11T06:49:28","slug":"avviso-di-vendita","status":"publish","type":"post","link":"https:\/\/ambvilnius.esteri.it\/lt\/news\/dall_ambasciata\/2025\/09\/avviso-di-vendita\/","title":{"rendered":"Skelbimas apie parduodam\u0105 automobil\u012f"},"content":{"rendered":"<p>Italijos ambasada Vilniuje aukciono b\u016bdu parduoda tarnybin\u012f automobil\u012f FIAT Dobl\u00f2. Pasi\u016blymai priimami iki 2025 m. spalio 15 d.<\/p>\n<p><a href=\"https:\/\/ambvilnius.esteri.it\/wp-content\/uploads\/2025\/09\/Annuncio-da-pubblicare.lt_.pdf\">SKELBIMAS<\/a><\/p>\n<p><a href=\"https:\/\/ambvilnius.esteri.it\/wp-content\/uploads\/2025\/09\/Formulario-offerta-LT.doc\">Pasi\u016blymo forma<\/a><\/p>\n<p>&nbsp;<\/p>\n","protected":false},"excerpt":{"rendered":"Italijos ambasada Vilniuje aukciono b\u016bdu parduoda tarnybin\u012f automobil\u012f FIAT Dobl\u00f2. Pasi\u016blymai priimami iki 2025 m. spalio 15 d. SKELBIMAS Pasi\u016blymo forma &nbsp;","protected":false},"author":4,"featured_media":0,"comment_status":"closed","ping_status":"closed","sticky":false,"template":"","format":"standard","meta":{"footnotes":""},"tags":[],"class_list":["post-1772","post","type-post","status-publish","format-standard","hentry"],"_links":{"self":[{"href":"https:\/\/ambvilnius.esteri.it\/lt\/wp-json\/wp\/v2\/posts\/1772","targetHints":{"allow":["GET"]}}],"collection":[{"href":"https:\/\/ambvilnius.esteri.it\/lt\/wp-json\/wp\/v2\/posts"}],"about":[{"href":"https:\/\/ambvilnius.esteri.it\/lt\/wp-json\/wp\/v2\/types\/post"}],"author":[{"embeddable":true,"href":"https:\/\/ambvilnius.esteri.it\/lt\/wp-json\/wp\/v2\/users\/4"}],"replies":[{"embeddable":true,"href":"https:\/\/ambvilnius.esteri.it\/lt\/wp-json\/wp\/v2\/comments?post=1772"}],"version-history":[{"count":2,"href":"https:\/\/ambvilnius.esteri.it\/lt\/wp-json\/wp\/v2\/posts\/1772\/revisions"}],"predecessor-version":[{"id":1792,"href":"https:\/\/ambvilnius.esteri.it\/lt\/wp-json\/wp\/v2\/posts\/1772\/revisions\/1792"}],"wp:attachment":[{"href":"https:\/\/ambvilnius.esteri.it\/lt\/wp-json\/wp\/v2\/media?parent=1772"}],"wp:term":[{"taxonomy":"post_tag","embeddable":true,"href":"https:\/\/ambvilnius.esteri.it\/lt\/wp-json\/wp\/v2\/tags?post=1772"}],"curies":[{"name":"wp","href":"https:\/\/api.w.org\/{rel}","templated":true}]}}