{"id":1761,"date":"2025-09-09T08:57:16","date_gmt":"2025-09-09T05:57:16","guid":{"rendered":"https:\/\/ambvilnius.esteri.it\/?p=1761"},"modified":"2025-09-09T09:10:09","modified_gmt":"2025-09-09T06:10:09","slug":"administracijos-darbuotoju-atranka-darbui-ambasadoje","status":"publish","type":"post","link":"https:\/\/ambvilnius.esteri.it\/lt\/news\/dall_ambasciata\/2025\/09\/administracijos-darbuotoju-atranka-darbui-ambasadoje\/","title":{"rendered":"Administracijos darbuotoj\u0173 atranka darbui ambasadoje"},"content":{"rendered":"<p>Italijos Respublikos ambasada Lietuvoje skelbia dviej\u0173 administracijos darbuotoj\u0173 atrank\u0105 darbui ambasadoje. Parai\u0161kos turi b\u016bti pateiktos iki 2025 m. spalio 9 d.<\/p>\n<p><a href=\"https:\/\/ambvilnius.esteri.it\/wp-content\/uploads\/2025\/09\/AVVISO-DI-ASSUNZIONE-2.pdf\">AVVISO DI ASSUNZIONE<\/a><\/p>\n<p><a href=\"https:\/\/ambvilnius.esteri.it\/wp-content\/uploads\/2025\/09\/2.-Domanda-di-assunzione.doc\">Domanda di assunzione<\/a><\/p>\n","protected":false},"excerpt":{"rendered":"Italijos Respublikos ambasada Lietuvoje skelbia dviej\u0173 administracijos darbuotoj\u0173 atrank\u0105 darbui ambasadoje. Parai\u0161kos turi b\u016bti pateiktos iki 2025 m. spalio 9 d. AVVISO DI ASSUNZIONE Domanda di assunzione","protected":false},"author":4,"featured_media":0,"comment_status":"closed","ping_status":"closed","sticky":false,"template":"","format":"standard","meta":{"footnotes":""},"tags":[],"class_list":["post-1761","post","type-post","status-publish","format-standard","hentry"],"_links":{"self":[{"href":"https:\/\/ambvilnius.esteri.it\/lt\/wp-json\/wp\/v2\/posts\/1761","targetHints":{"allow":["GET"]}}],"collection":[{"href":"https:\/\/ambvilnius.esteri.it\/lt\/wp-json\/wp\/v2\/posts"}],"about":[{"href":"https:\/\/ambvilnius.esteri.it\/lt\/wp-json\/wp\/v2\/types\/post"}],"author":[{"embeddable":true,"href":"https:\/\/ambvilnius.esteri.it\/lt\/wp-json\/wp\/v2\/users\/4"}],"replies":[{"embeddable":true,"href":"https:\/\/ambvilnius.esteri.it\/lt\/wp-json\/wp\/v2\/comments?post=1761"}],"version-history":[{"count":2,"href":"https:\/\/ambvilnius.esteri.it\/lt\/wp-json\/wp\/v2\/posts\/1761\/revisions"}],"predecessor-version":[{"id":1765,"href":"https:\/\/ambvilnius.esteri.it\/lt\/wp-json\/wp\/v2\/posts\/1761\/revisions\/1765"}],"wp:attachment":[{"href":"https:\/\/ambvilnius.esteri.it\/lt\/wp-json\/wp\/v2\/media?parent=1761"}],"wp:term":[{"taxonomy":"post_tag","embeddable":true,"href":"https:\/\/ambvilnius.esteri.it\/lt\/wp-json\/wp\/v2\/tags?post=1761"}],"curies":[{"name":"wp","href":"https:\/\/api.w.org\/{rel}","templated":true}]}}