{"id":1658,"date":"2025-03-25T11:39:22","date_gmt":"2025-03-25T09:39:22","guid":{"rendered":"https:\/\/ambvilnius.esteri.it\/?p=1658"},"modified":"2025-03-25T11:51:11","modified_gmt":"2025-03-25T09:51:11","slug":"administracijos-darbuotojo-atranka-darbui-ambasadoje","status":"publish","type":"post","link":"https:\/\/ambvilnius.esteri.it\/lt\/news\/dall_ambasciata\/2025\/03\/administracijos-darbuotojo-atranka-darbui-ambasadoje\/","title":{"rendered":"Administracijos darbuotojo atranka darbui ambasadoje"},"content":{"rendered":"<p>Italijos Respublikos ambasada Lietuvoje skelbia administracijos darbuotojo atrank\u0105 darbui ambasadoje. Parai\u0161kos turi b\u016bti pateiktos iki 2025 m. baland\u017eio 24 d.<\/p>\n<p><a href=\"https:\/\/ambvilnius.esteri.it\/wp-content\/uploads\/2025\/03\/AVVISO-ASSUNZIONE.pdf\">AVVISO ASSUNZIONE<\/a><\/p>\n<p><a href=\"https:\/\/ambvilnius.esteri.it\/wp-content\/uploads\/2025\/03\/Domanda-di-assunzione.doc\">Domanda di assunzione<\/a><\/p>\n","protected":false},"excerpt":{"rendered":"Italijos Respublikos ambasada Lietuvoje skelbia administracijos darbuotojo atrank\u0105 darbui ambasadoje. Parai\u0161kos turi b\u016bti pateiktos iki 2025 m. baland\u017eio 24 d. AVVISO ASSUNZIONE Domanda di assunzione","protected":false},"author":4,"featured_media":0,"comment_status":"closed","ping_status":"closed","sticky":false,"template":"","format":"standard","meta":{"footnotes":""},"tags":[],"class_list":["post-1658","post","type-post","status-publish","format-standard","hentry"],"_links":{"self":[{"href":"https:\/\/ambvilnius.esteri.it\/lt\/wp-json\/wp\/v2\/posts\/1658","targetHints":{"allow":["GET"]}}],"collection":[{"href":"https:\/\/ambvilnius.esteri.it\/lt\/wp-json\/wp\/v2\/posts"}],"about":[{"href":"https:\/\/ambvilnius.esteri.it\/lt\/wp-json\/wp\/v2\/types\/post"}],"author":[{"embeddable":true,"href":"https:\/\/ambvilnius.esteri.it\/lt\/wp-json\/wp\/v2\/users\/4"}],"replies":[{"embeddable":true,"href":"https:\/\/ambvilnius.esteri.it\/lt\/wp-json\/wp\/v2\/comments?post=1658"}],"version-history":[{"count":1,"href":"https:\/\/ambvilnius.esteri.it\/lt\/wp-json\/wp\/v2\/posts\/1658\/revisions"}],"predecessor-version":[{"id":1660,"href":"https:\/\/ambvilnius.esteri.it\/lt\/wp-json\/wp\/v2\/posts\/1658\/revisions\/1660"}],"wp:attachment":[{"href":"https:\/\/ambvilnius.esteri.it\/lt\/wp-json\/wp\/v2\/media?parent=1658"}],"wp:term":[{"taxonomy":"post_tag","embeddable":true,"href":"https:\/\/ambvilnius.esteri.it\/lt\/wp-json\/wp\/v2\/tags?post=1658"}],"curies":[{"name":"wp","href":"https:\/\/api.w.org\/{rel}","templated":true}]}}